{"id":1010027,"date":"2026-09-04T12:45:28","date_gmt":"2026-09-04T12:45:28","guid":{"rendered":"https:\/\/maufl.edu\/?p=1010027"},"modified":"2026-09-04T12:48:21","modified_gmt":"2026-09-04T12:48:21","slug":"bienvenidos-al-ano-academico-2026-2027","status":"publish","type":"post","link":"https:\/\/maufl.edu\/es\/bienvenidos-al-ano-academico-2026-2027\/","title":{"rendered":"Bienvenidos al a\u00f1o acad\u00e9mico 2026\u20132027"},"content":{"rendered":"\n<p class=\"wp-block-paragraph\"><strong>Estimados estudiantes, profesores y miembros del personal de MAU:<\/strong><\/p>\n\n\n\n<p class=\"wp-block-paragraph\">Al comenzar el a\u00f1o acad\u00e9mico 2026\u20132027, quiero darles personalmente la bienvenida a Millennia Atlantic University.<\/p>\n\n\n\n<p class=\"wp-block-paragraph\">A nuestros nuevos estudiantes, bienvenidos a MAU. Est\u00e1n comenzando una etapa importante de su trayectoria acad\u00e9mica y profesional, y me complace enormemente que hayan elegido formar parte de nuestra comunidad universitaria.<\/p>\n\n\n\n<p class=\"wp-block-paragraph\">A nuestros estudiantes que regresan, bienvenidos nuevamente. Cada nuevo a\u00f1o acad\u00e9mico representa otra oportunidad para seguir construyendo sobre lo que ya han logrado, asumir nuevos retos y continuar acerc\u00e1ndose a sus metas acad\u00e9micas y profesionales.<\/p>\n\n\n\n<p class=\"wp-block-paragraph\">Y a nuestros profesores y miembros del personal, gracias por el compromiso, la energ\u00eda y la dedicaci\u00f3n que brindan a nuestros estudiantes y a la Universidad. La experiencia que ofrecemos a nuestros estudiantes depende del trabajo colectivo de todas las \u00e1reas de MAU, y agradezco el papel que cada uno de ustedes desempe\u00f1a en nuestro progreso continuo.<\/p>\n\n\n\n<p class=\"wp-block-paragraph\">Este a\u00f1o comienza en un momento emocionante para Millennia Atlantic University. Tras m\u00e1s de dos d\u00e9cadas de servicio a nuestros estudiantes y a la comunidad, continuamos fortaleciendo la Universidad y manteniendo nuestro compromiso con los principios que nos han guiado desde el comienzo: educaci\u00f3n, oportunidades, perseverancia y \u00e9xito estudiantil.<\/p>\n\n\n\n<p class=\"wp-block-paragraph\">Durante el a\u00f1o acad\u00e9mico 2026\u20132027, seguiremos impulsando iniciativas enfocadas en la calidad acad\u00e9mica, el emprendimiento y la innovaci\u00f3n, la tecnolog\u00eda, el desarrollo profesional, los deportes universitarios, la participaci\u00f3n estudiantil y el fortalecimiento de los v\u00ednculos entre la educaci\u00f3n y la comunidad empresarial. En el centro de todos estos esfuerzos se encuentra un objetivo: crear un entorno en el que nuestros estudiantes tengan la oportunidad de aprender, desarrollarse y alcanzar el \u00e9xito.<\/p>\n\n\n\n<p class=\"wp-block-paragraph\">Sin embargo, construir una comunidad universitaria s\u00f3lida es una responsabilidad compartida.<\/p>\n\n\n\n<p class=\"wp-block-paragraph\">Animo a nuestros estudiantes a asistir a clases, participar activamente con sus profesores, aprovechar los recursos disponibles, involucrarse en la vida universitaria, solicitar ayuda cuando la necesiten y asumir la responsabilidad de su progreso acad\u00e9mico. Su educaci\u00f3n es una inversi\u00f3n en ustedes mismos, y el esfuerzo que dediquen a esta experiencia influir\u00e1 considerablemente en los beneficios que obtengan de ella.<\/p>\n\n\n\n<p class=\"wp-block-paragraph\">Animo a nuestros profesores a continuar desafiando e inspirando a nuestros estudiantes, conectando el aprendizaje acad\u00e9mico con el mundo profesional que encontrar\u00e1n m\u00e1s all\u00e1 del aula.<\/p>\n\n\n\n<p class=\"wp-block-paragraph\">Asimismo, animo a nuestro personal a continuar abordando cada interacci\u00f3n con los estudiantes con profesionalismo, colaboraci\u00f3n y la comprensi\u00f3n de que cada uno de nosotros contribuye a la experiencia estudiantil.<\/p>\n\n\n\n<p class=\"wp-block-paragraph\">Uno de los aspectos que m\u00e1s valoro de MAU es que seguimos siendo una universidad donde cada estudiante puede ser reconocido como individuo. A medida que continuamos creciendo, debemos preservar esa cualidad. El crecimiento nunca debe hacernos perder la atenci\u00f3n personalizada, la accesibilidad y el sentido de comunidad que forman parte esencial de nuestra identidad.<\/p>\n\n\n\n<p class=\"wp-block-paragraph\">Me siento orgulloso de lo que nuestra universidad ha logrado, pero me entusiasma a\u00fan m\u00e1s todo lo que podemos alcanzar juntos este a\u00f1o.<\/p>\n\n\n\n<p class=\"wp-block-paragraph\">A todos los que se unen a nosotros por primera vez, bienvenidos a la familia de MAU. A quienes contin\u00faan su trayectoria junto a nosotros, bienvenidos nuevamente.<\/p>\n\n\n\n<p class=\"wp-block-paragraph\">Les deseo a todos un a\u00f1o acad\u00e9mico 2026\u20132027 exitoso, productivo y gratificante.<\/p>\n\n\n\n<p class=\"wp-block-paragraph\">\u00a1Bienvenidos a un nuevo a\u00f1o en Millennia Atlantic University! \u00a1Hagamos que sea un a\u00f1o extraordinario!<\/p>\n\n\n\n<p class=\"wp-block-paragraph\">Cordialmente,<\/p>\n\n\n\n<p class=\"wp-block-paragraph\"><strong>Dr. Aristides Maza Duerto<\/strong><br><strong>Presidente<\/strong><br>Millennia Atlantic University<\/p>\n","protected":false},"excerpt":{"rendered":"<p>Estimados estudiantes, profesores y miembros del personal de MAU: Al comenzar el a\u00f1o acad\u00e9mico 2026\u20132027, quiero darles personalmente la bienvenida a Millennia Atlantic University. A nuestros nuevos estudiantes, bienvenidos a MAU. Est\u00e1n comenzando una etapa importante de su trayectoria acad\u00e9mica y profesional, y me complace enormemente que hayan elegido formar parte de nuestra comunidad universitaria. [&hellip;]<\/p>\n","protected":false},"author":2004,"featured_media":1010026,"comment_status":"closed","ping_status":"closed","sticky":false,"template":"","format":"standard","meta":{"_et_pb_use_builder":"off","_et_pb_old_content":"","_et_gb_content_width":"","footnotes":""},"categories":[200301],"tags":[],"class_list":["post-1010027","post","type-post","status-publish","format-standard","has-post-thumbnail","hentry","category-noticias-mau"],"_links":{"self":[{"href":"https:\/\/maufl.edu\/es\/wp-json\/wp\/v2\/posts\/1010027","targetHints":{"allow":["GET"]}}],"collection":[{"href":"https:\/\/maufl.edu\/es\/wp-json\/wp\/v2\/posts"}],"about":[{"href":"https:\/\/maufl.edu\/es\/wp-json\/wp\/v2\/types\/post"}],"author":[{"embeddable":true,"href":"https:\/\/maufl.edu\/es\/wp-json\/wp\/v2\/users\/2004"}],"replies":[{"embeddable":true,"href":"https:\/\/maufl.edu\/es\/wp-json\/wp\/v2\/comments?post=1010027"}],"version-history":[{"count":1,"href":"https:\/\/maufl.edu\/es\/wp-json\/wp\/v2\/posts\/1010027\/revisions"}],"predecessor-version":[{"id":1010028,"href":"https:\/\/maufl.edu\/es\/wp-json\/wp\/v2\/posts\/1010027\/revisions\/1010028"}],"wp:featuredmedia":[{"embeddable":true,"href":"https:\/\/maufl.edu\/es\/wp-json\/wp\/v2\/media\/1010026"}],"wp:attachment":[{"href":"https:\/\/maufl.edu\/es\/wp-json\/wp\/v2\/media?parent=1010027"}],"wp:term":[{"taxonomy":"category","embeddable":true,"href":"https:\/\/maufl.edu\/es\/wp-json\/wp\/v2\/categories?post=1010027"},{"taxonomy":"post_tag","embeddable":true,"href":"https:\/\/maufl.edu\/es\/wp-json\/wp\/v2\/tags?post=1010027"}],"curies":[{"name":"wp","href":"https:\/\/api.w.org\/{rel}","templated":true}]}}