{"id":1003253,"date":"2023-10-21T00:00:00","date_gmt":"2023-10-21T00:00:00","guid":{"rendered":"https:\/\/maufl.edu\/?p=1003253"},"modified":"2026-01-26T22:10:52","modified_gmt":"2026-01-26T22:10:52","slug":"dana-milano-carlos-acosta-vision-de-paz-y-mundo","status":"publish","type":"post","link":"https:\/\/maufl.edu\/es\/dana-milano-carlos-acosta-vision-de-paz-y-mundo\/","title":{"rendered":"Dana Milano en &#8216;Por la Ma\u00f1ana con Carlos Acosta: Una Visi\u00f3n de Paz para el Mundo"},"content":{"rendered":"\n<p>El mundo actual, con sus conflictos y tensiones, necesita l\u00edderes que promuevan la paz y la unidad. <strong>Dana Milano<\/strong>, <strong>Organizadora de las Cumbres Mundiales por la paz<\/strong>, es una de esas voces que busca hacer la diferencia. En una entrevista exclusiva en el programa \u00ab<a href=\"https:\/\/www.instagram.com\/acostacarlostv\/\" target=\"_blank\" rel=\"noreferrer noopener\"><strong>Por la Ma\u00f1ana con Carlos Acosta\u00bb<\/strong><\/a> del canal TVV Network de Miami, Milano comparti\u00f3 su visi\u00f3n y misi\u00f3n para un mundo m\u00e1s pac\u00edfico.<\/p>\n\n\n\n<p>En <strong><a href=\"https:\/\/www.maufl.edu\/en\/home\">Millennia Atlantic University (MAU)<\/a><\/strong>, no solo nos dedicamos a la excelencia acad\u00e9mica, sino que tambi\u00e9n nos comprometemos activamente con causas que promueven la paz y la educaci\u00f3n de calidad en el mundo.&nbsp;Con orgullo, apoyamos y participamos en la V Cumbre por la Paz, donde no solo fuimos participantes, sino tambi\u00e9n patrocinadores destacados.&nbsp; Extendiendo nuestro compromiso, <a href=\"https:\/\/www.instagram.com\/jairoacruz\/?hl=es\" target=\"_blank\" rel=\"noreferrer noopener\"><strong>Jairo Cruz<\/strong><\/a>,&nbsp; Director de Mercadeo y Admisiones, fue&nbsp; invitado a la 3era Cumbre Mundial de Educaci\u00f3n para una Vida de Calidad, que se llevar\u00e1 a cabo&nbsp; en Monterrey, M\u00e9xico del 26 al 28 de Octubre de 2023. En MAU, creemos firmemente en ser agentes de cambio y en contribuir activamente a la construcci\u00f3n de un mundo mejor.<\/p>\n\n\n\n<h2 class=\"wp-block-heading\"><strong>Dana Milano en &#8216;Por la Ma\u00f1ana con Carlos Acosta: Una Visi\u00f3n de Paz para el Mundo<\/strong><strong>&#8216;<\/strong><\/h2>\n\n\n\n<figure class=\"wp-block-embed is-type-rich is-provider-gestor-del-servicio wp-block-embed-gestor-del-servicio\"><div class=\"wp-block-embed__wrapper\">\nhttps:\/\/youtube.com\/watch?v=iK8rfYzofZc%3Fsi%3DPlOh66ocqBJpPlvj\n<\/div><\/figure>\n\n\n\n<h3 class=\"wp-block-heading\"><strong>La Pasi\u00f3n Detr\u00e1s de las Cumbres Mundiales por la Paz<\/strong><\/h3>\n\n\n\n<p><strong>Dana Milano<\/strong> no es solo una organizadora; es una visionaria. Su pasi\u00f3n por la paz mundial es evidente en cada palabra que pronuncia. Durante la entrevista, Milano destac\u00f3 la importancia de las Cumbres Mundiales por la Paz como plataformas para unir a l\u00edderes, activistas y ciudadanos comunes en una causa com\u00fan: la paz.<\/p>\n\n\n\n<h3 class=\"wp-block-heading\"><strong>Educaci\u00f3n para la Paz: Una Revoluci\u00f3n Necesaria<\/strong><\/h3>\n\n\n\n<p>Uno de los puntos clave de la entrevista fue la relaci\u00f3n entre <strong><a href=\"https:\/\/www.maufl.edu\/en\/admissions\/undergraduates\">educaci\u00f3n<\/a><\/strong> y paz. Milano enfatiz\u00f3 que la educaci\u00f3n no solo debe centrarse en materias acad\u00e9micas, sino tambi\u00e9n en ense\u00f1ar valores de paz, tolerancia y convivencia. \u00abTodos nacemos en paz\u00bb, dijo, subrayando la idea de que la paz es un estado natural que debe ser cultivado desde la infancia.<\/p>\n\n\n\n<h3 class=\"wp-block-heading\"><strong>Stand with Israel: Un Llamado a la Oraci\u00f3n y la Unidad<\/strong><\/h3>\n\n\n\n<p>Otro momento destacado de la entrevista fue cuando se discuti\u00f3 el evento \u00abStand with Israel\u00bb. Milano explic\u00f3 que, m\u00e1s all\u00e1 de las pol\u00edticas y conflictos, es esencial unirnos en oraci\u00f3n y solidaridad. El evento, que tuvo lugar en la sede del gobierno de la ciudad de Doral, busc\u00f3 reunir a personas de todas las creencias y antecedentes para orar por la paz en Israel y en todo el mundo.<\/p>\n\n\n\n<h3 class=\"wp-block-heading\"><strong>La Tercera Cumbre Mundial para la Educaci\u00f3n: Un Evento Transformador<\/strong><\/h3>\n\n\n\n<p>La entrevista tambi\u00e9n abord\u00f3 la Tercera Cumbre Mundial para la <strong><a href=\"https:\/\/www.maufl.edu\/en\/admissions\/undergraduates\">Educaci\u00f3n<\/a><\/strong> que se llevar\u00e1 a cabo en Monterrey, M\u00e9xico. Milano, como anfitriona del evento, comparti\u00f3 su entusiasmo por este proyecto que busca revolucionar la educaci\u00f3n, poniendo \u00e9nfasis en la formaci\u00f3n emocional y en valores de paz.<\/p>\n\n\n\n<h3 class=\"wp-block-heading\"><strong>Un Mensaje para el Mundo: La Paz es Nuestra Agenda<\/strong><\/h3>\n\n\n\n<p>Al final de la entrevista, Dana Milano dej\u00f3 un mensaje poderoso para todos los espectadores: \u00abLa paz es una agenda irreemplazable, la paz es nuestra y tenemos que volverla a reclamar\u00bb. Estas palabras resumen la misi\u00f3n y visi\u00f3n de Milano y de todos aquellos involucrados en los World Peace Summits.<\/p>\n\n\n\n<p>La entrevista a Dana Milano en <strong><a href=\"https:\/\/www.instagram.com\/acostacarlostv\/\" target=\"_blank\" rel=\"noreferrer noopener\">\u00abPor la Ma\u00f1ana con Carlos Acosta\u00bb<\/a><\/strong> no fue solo una conversaci\u00f3n; fue una llamada a la acci\u00f3n. En un mundo lleno de conflictos y divisiones, voces como la de Milano son esenciales para recordarnos la importancia de la paz, la unidad y la educaci\u00f3n. Como sociedad, es nuestro deber escuchar, aprender y actuar para crear un mundo m\u00e1s pac\u00edfico para las generaciones futuras.<\/p>\n\n\n\n<p>\u00bfTe inspir\u00f3 la visi\u00f3n de Dana Milano? \u00danete a la causa y participa en los pr\u00f3ximos World Peace Summits. Juntos, podemos hacer la diferencia y construir un mundo donde la paz no sea solo un ideal, sino una realidad.<\/p>\n","protected":false},"excerpt":{"rendered":"<p>El mundo actual, con sus conflictos y tensiones, necesita l\u00edderes que promuevan la paz y la unidad. Dana Milano, Organizadora de las Cumbres Mundiales por la paz, es una de esas voces que busca hacer la diferencia. En una entrevista exclusiva en el programa \u00abPor la Ma\u00f1ana con Carlos Acosta\u00bb del canal TVV Network de [&hellip;]<\/p>\n","protected":false},"author":1,"featured_media":1003252,"comment_status":"closed","ping_status":"closed","sticky":false,"template":"","format":"standard","meta":{"_et_pb_use_builder":"","_et_pb_old_content":"","_et_gb_content_width":"","footnotes":""},"categories":[200301],"tags":[],"class_list":["post-1003253","post","type-post","status-publish","format-standard","has-post-thumbnail","hentry","category-noticias-mau"],"_links":{"self":[{"href":"https:\/\/maufl.edu\/es\/wp-json\/wp\/v2\/posts\/1003253","targetHints":{"allow":["GET"]}}],"collection":[{"href":"https:\/\/maufl.edu\/es\/wp-json\/wp\/v2\/posts"}],"about":[{"href":"https:\/\/maufl.edu\/es\/wp-json\/wp\/v2\/types\/post"}],"author":[{"embeddable":true,"href":"https:\/\/maufl.edu\/es\/wp-json\/wp\/v2\/users\/1"}],"replies":[{"embeddable":true,"href":"https:\/\/maufl.edu\/es\/wp-json\/wp\/v2\/comments?post=1003253"}],"version-history":[{"count":2,"href":"https:\/\/maufl.edu\/es\/wp-json\/wp\/v2\/posts\/1003253\/revisions"}],"predecessor-version":[{"id":1003263,"href":"https:\/\/maufl.edu\/es\/wp-json\/wp\/v2\/posts\/1003253\/revisions\/1003263"}],"wp:featuredmedia":[{"embeddable":true,"href":"https:\/\/maufl.edu\/es\/wp-json\/wp\/v2\/media\/1003252"}],"wp:attachment":[{"href":"https:\/\/maufl.edu\/es\/wp-json\/wp\/v2\/media?parent=1003253"}],"wp:term":[{"taxonomy":"category","embeddable":true,"href":"https:\/\/maufl.edu\/es\/wp-json\/wp\/v2\/categories?post=1003253"},{"taxonomy":"post_tag","embeddable":true,"href":"https:\/\/maufl.edu\/es\/wp-json\/wp\/v2\/tags?post=1003253"}],"curies":[{"name":"wp","href":"https:\/\/api.w.org\/{rel}","templated":true}]}}