{"id":1002986,"date":"2024-05-11T00:00:00","date_gmt":"2024-05-11T00:00:00","guid":{"rendered":"https:\/\/maufl.edu\/?p=1002986"},"modified":"2026-04-01T05:50:08","modified_gmt":"2026-04-01T05:50:08","slug":"empoderamiento-personal-y-liderazgo-efectivo","status":"publish","type":"post","link":"https:\/\/maufl.edu\/es\/empoderamiento-personal-y-liderazgo-efectivo\/","title":{"rendered":"Empoderamiento Personal como Fundamento del Liderazgo Efectivo"},"content":{"rendered":"\n<p>La capacidad de liderar efectivamente a menudo comienza con uno mismo. En la reciente ponencia titulada \u00abLid\u00e9rate para Liderar\u00bb, ofrecida en las <a href=\"https:\/\/www.maufl.edu\/es\/noticias-y-eventos\/blog-guacamayos\">Charlas MAU<\/a> de la <a href=\"https:\/\/www.maufl.edu\/es\/inicio\">Escuela de Negocios de Millennia Atlantic University en Doral<\/a>, Adriana Ricci comparti\u00f3 sus extensas experiencias y estrategias que demuestran c\u00f3mo el autoempoderamiento es fundamental para inspirar y guiar a otros. Durante la sesi\u00f3n del 24 de abril de 2024, Ricci, una reconocida coach en Bienestar Integral con treinta a\u00f1os de trayectoria en la industria del Network Marketing, destac\u00f3 la importancia del desarrollo personal, la comunicaci\u00f3n efectiva, el pensamiento estrat\u00e9gico, la inteligencia emocional y t\u00e9cnicas innovadoras de Empoderamiento Personal y Liderazgo Efectivo.<\/p>\n\n\n\n<p>El evento ofreci\u00f3 una plataforma para discutir teor\u00edas y pr\u00e1cticas de liderazgo, tambi\u00e9n proporcion\u00f3 a los asistentes herramientas pr\u00e1cticas y estrategias aplicables tanto en sus vidas profesionales como personales. Este art\u00edculo se propone profundizar en los temas abordados por Ricci, explorando c\u00f3mo su filosof\u00eda puede ser aplicada para alcanzar un liderazgo transformador que promueva un cambio positivo y sostenible. A trav\u00e9s del an\u00e1lisis de sus m\u00e9todos y ejemplos pr\u00e1cticos, buscaremos inspirar a futuros l\u00edderes a emprender su propio camino hacia el empoderamiento y la excelencia en el liderazgo.<\/p>\n\n\n\n<figure class=\"wp-block-embed is-type-rich is-provider-gestor-del-servicio wp-block-embed-gestor-del-servicio\"><div class=\"wp-block-embed__wrapper\">\nhttps:\/\/youtube.com\/watch?v=AKK5YIbOQgc%3Fsi%3DV6zrRJDIl0cJe7uT\n<\/div><\/figure>\n\n\n\n<h2 class=\"wp-block-heading\">La Filosof\u00eda de &#8216;Lid\u00e9rate para Liderar&#8217;<\/h2>\n\n\n\n<p>La filosof\u00eda de \u00abLid\u00e9rate para Liderar\u00bb se basa en un principio fundamental: el liderazgo comienza desde el interior. Antes de poder influir efectivamente en otros, uno debe ser capaz de gestionar y liderar sus propias emociones, decisiones y acciones. Adriana Ricci, con su vasta experiencia en coaching y desarrollo personal, argumenta que el autoliderazgo es la clave para un liderazgo efectivo, asi como para una vida personal y profesional exitosa y satisfactoria.<\/p>\n\n\n\n<h3 class=\"wp-block-heading\">Autoconocimiento y Autoaceptaci\u00f3n<\/h3>\n\n\n\n<p>La base del autoliderazgo radica en el autoconocimiento. Ricci enfatiza la importancia de entender profundamente qui\u00e9nes somos, qu\u00e9 valores nos gu\u00edan, y nuestras fortalezas y debilidades. Este entendimiento permite a los l\u00edderes navegar sus caminos con mayor claridad y prop\u00f3sito, tomando decisiones que est\u00e1n alineadas con sus valores fundamentales. La autoaceptaci\u00f3n, seg\u00fan Ricci, es igualmente cr\u00edtica. Reconocer y aceptar nuestras limitaciones, as\u00ed como celebrar nuestros puntos fuertes, es esencial para un liderazgo aut\u00e9ntico y efectivo.<\/p>\n\n\n\n<h3 class=\"wp-block-heading\">Empoderamiento Personal<\/h3>\n\n\n\n<p>Una vez que los individuos se comprenden y aceptan a s\u00ed mismos, pueden comenzar el proceso de empoderamiento personal. Este paso implica tomar las riendas de la propia vida, estableciendo y persiguiendo objetivos que reflejen las verdaderas aspiraciones y capacidades del individuo. Ricci sugiere que el empoderamiento se alcanza a trav\u00e9s de la mejora continua y el compromiso con el crecimiento personal. Ella argumenta que los l\u00edderes que se sienten empoderados son m\u00e1s capaces de empoderar a otros, creando un ambiente de motivaci\u00f3n y energ\u00eda positiva a su alrededor.<\/p>\n\n\n\n<h3 class=\"wp-block-heading\">Desarrollo de Resiliencia<\/h3>\n\n\n\n<p>El liderazgo tambi\u00e9n implica enfrentarse a desaf\u00edos y superar obst\u00e1culos. Ricci destaca la importancia de la resiliencia, la capacidad de recuperarse r\u00e1pidamente de las dificultades. El desarrollo de la resiliencia permite a los l\u00edderes mantenerse firmes ante la adversidad y ver los desaf\u00edos como oportunidades de aprendizaje y crecimiento. La resiliencia es crucial para la supervivencia y el \u00e9xito en el \u00e1mbito profesional; tambi\u00e9n enriquece la vida personal.<\/p>\n\n\n\n<h3 class=\"wp-block-heading\">Influencia y Responsabilidad<\/h3>\n\n\n\n<p>Finalmente, \u00abLid\u00e9rate para Liderar\u00bb aborda el impacto de la influencia personal en el liderazgo. Ricci ense\u00f1a que un buen l\u00edder dirige a otros hacia objetivos comunes, tambi\u00e9n asume la responsabilidad de su influencia en su equipo y comunidad. Esto requiere una comunicaci\u00f3n consciente y \u00e9tica, as\u00ed como un compromiso con los principios \u00e9ticos y la integridad.<\/p>\n\n\n\n<p>La filosof\u00eda de Ricci propone que al liderarse a uno mismo con efectividad, sabidur\u00eda y compasi\u00f3n, se establecen las bases para liderar a otros de manera efectiva. Este enfoque mejora la capacidad de una persona para liderar en el \u00e1mbito profesional, igualmente,&nbsp; fomenta una vida m\u00e1s rica y plena, repleta de relaciones significativas y logros personales. En las siguientes secciones, exploraremos c\u00f3mo estos principios pueden ser aplicados pr\u00e1cticamente para transformar tanto el liderazgo como la gesti\u00f3n personal.<\/p>\n\n\n\n<h2 class=\"wp-block-heading\">Componentes Clave del Liderazgo Efectivo Seg\u00fan Adriana Ricci<\/h2>\n\n\n\n<p>Adriana Ricci, en su conferencia \u00abLid\u00e9rate para Liderar\u00bb, desgrana el liderazgo efectivo en varios componentes esenciales. Cada uno de estos componentes no solo sostiene el edificio del liderazgo individual, sino que tambi\u00e9n asegura que este pueda ser replicado y sostenido dentro de cualquier equipo o organizaci\u00f3n.<\/p>\n\n\n\n<h3 class=\"wp-block-heading\">Desarrollo Personal<\/h3>\n\n\n\n<p>El liderazgo comienza con el autodesarrollo. Ricci enfatiza la importancia del crecimiento continuo y el aprendizaje autodirigido. Un l\u00edder efectivo nunca deja de aprender y se adapta constantemente a nuevos conocimientos y entornos. Este desarrollo incluye la expansi\u00f3n de habilidades t\u00e9cnicas y el fortalecimiento de las cualidades personales como la paciencia, la empat\u00eda y la determinaci\u00f3n. Ricci sugiere establecer rutinas de desarrollo personal, como la lectura diaria, la meditaci\u00f3n y la asistencia a talleres, para fomentar un h\u00e1bito de mejora continua.<\/p>\n\n\n\n<h3 class=\"wp-block-heading\">Comunicaci\u00f3n Efectiva<\/h3>\n\n\n\n<p>La capacidad de comunicarse clara y efectivamente es fundamental en el liderazgo. Ricci destaca que la comunicaci\u00f3n no es solo sobre la transmisi\u00f3n de informaci\u00f3n, sino tambi\u00e9n sobre la conexi\u00f3n con los dem\u00e1s a un nivel emocional. Un l\u00edder debe ser capaz de escuchar activamente, interpretar las necesidades no expresadas de su equipo y comunicar su visi\u00f3n de manera que motive y inspire. Para mejorar estas habilidades, Ricci recomienda entrenamientos en habilidades comunicativas y pr\u00e1cticas regulares de feedback con el equipo.<\/p>\n\n\n\n<h3 class=\"wp-block-heading\">Pensamiento Estrat\u00e9gico<\/h3>\n\n\n\n<p>El pensamiento estrat\u00e9gico permite a los l\u00edderes ver el panorama general y anticipar posibles futuros. Ricci explica que un pensamiento estrat\u00e9gico efectivo involucra la evaluaci\u00f3n cr\u00edtica de las tendencias del mercado, la alineaci\u00f3n de los objetivos del equipo con los de la organizaci\u00f3n, y la planificaci\u00f3n a largo plazo. Los l\u00edderes deben aprender a equilibrar la flexibilidad con la firmeza en sus decisiones y mantener una mente abierta a nuevas ideas y enfoques. Para cultivar el pensamiento estrat\u00e9gico, Ricci sugiere la participaci\u00f3n en simulaciones de escenarios y juegos de guerra empresariales.<\/p>\n\n\n\n<h3 class=\"wp-block-heading\">Inteligencia Emocional<\/h3>\n\n\n\n<p>La inteligencia emocional es la habilidad para reconocer y gestionar las propias emociones y las de los dem\u00e1s. Ricci considera esto como uno de los pilares del liderazgo efectivo. Un alto nivel de inteligencia emocional permite a los l\u00edderes manejar el estr\u00e9s, resolver conflictos de manera efectiva y crear un ambiente de trabajo positivo y productivo. Para mejorar la inteligencia emocional, Ricci recomienda t\u00e9cnicas de mindfulness, ejercicios de auto-reflexi\u00f3n y programas de mentor\u00eda que enfaticen la empat\u00eda y la regulaci\u00f3n emocional.<\/p>\n\n\n\n<h3 class=\"wp-block-heading\">Innovaci\u00f3n en Liderazgo<\/h3>\n\n\n\n<p>En un mundo que cambia r\u00e1pidamente, la capacidad para innovar se convierte en una caracter\u00edstica indispensable del l\u00edder efectivo. Ricci alienta a los l\u00edderes a fomentar un ambiente donde la innovaci\u00f3n sea no solo posible, sino tambi\u00e9n una expectativa clara. Esto incluye alentar la toma de riesgos controlados, celebrar los fracasos como oportunidades de aprendizaje y mantener una constante b\u00fasqueda de mejoras en los procesos y productos. Ricci sugiere establecer think tanks dentro de la empresa y dedicar tiempo regularmente a sesiones de brainstorming.<\/p>\n\n\n\n<p>Cada uno de estos componentes del liderazgo efectivo ofrece un enfoque pr\u00e1ctico y realizable para mejorar las habilidades de liderazgo de una persona y, a la vez, potenciar la funcionalidad y el \u00e9xito de su equipo. En la pr\u00f3xima secci\u00f3n, exploraremos c\u00f3mo estos principios se pueden aplicar de manera pr\u00e1ctica para producir cambios significativos y positivos en un entorno profesional.<\/p>\n\n\n\n<h2 class=\"wp-block-heading\">Aplicaciones Pr\u00e1cticas de las Ense\u00f1anzas de Adriana Ricci<\/h2>\n\n\n\n<p>Las ense\u00f1anzas de Adriana Ricci, repletas de profundidad te\u00f3rica y ricas experiencias pr\u00e1cticas, ofrecen numerosas aplicaciones que pueden transformar tanto entornos profesionales como personales. Aqu\u00ed, exploraremos c\u00f3mo los asistentes y lectores pueden aplicar concretamente las estrategias y consejos de Ricci en sus propias carreras y vidas diarias.<\/p>\n\n\n\n<h3 class=\"wp-block-heading\">Establecimiento de Metas Personales y Profesionales<\/h3>\n\n\n\n<p>Una de las lecciones fundamentales de Ricci es la importancia de establecer metas claras y medibles. Para los profesionales que buscan mejorar su liderazgo, es crucial comenzar definiendo objetivos espec\u00edficos, medibles, alcanzables, relevantes y temporales (SMART). Por ejemplo, en lugar de simplemente desear \u00abmejorar las habilidades de liderazgo\u00bb, un objetivo m\u00e1s efectivo ser\u00eda \u00abcompletar un curso de liderazgo avanzado en los pr\u00f3ximos seis meses\u00bb. Esta precisi\u00f3n ayuda a mantener la claridad y la motivaci\u00f3n, facilitando la evaluaci\u00f3n del progreso.<\/p>\n\n\n\n<h3 class=\"wp-block-heading\">Mejora de la Comunicaci\u00f3n en el Lugar de Trabajo<\/h3>\n\n\n\n<p>Implementar t\u00e9cnicas de comunicaci\u00f3n efectiva puede revolucionar la din\u00e1mica de un equipo. Ricci sugiere pr\u00e1cticas como la escucha activa y la empat\u00eda para mejorar la interacci\u00f3n diaria. Una aplicaci\u00f3n pr\u00e1ctica podr\u00eda ser organizar sesiones regulares de retroalimentaci\u00f3n donde los miembros del equipo pueden expresar sus pensamientos y sentimientos en un entorno seguro y respetuoso. Estas sesiones mejoran la comunicaci\u00f3n y, simult\u00e1neamente, fortalecen las relaciones y el compromiso del equipo.<\/p>\n\n\n\n<h3 class=\"wp-block-heading\">Fomento del Pensamiento Estrat\u00e9gico<\/h3>\n\n\n\n<p>Para cultivar el pensamiento estrat\u00e9gico, Ricci recomienda participar en talleres de planificaci\u00f3n estrat\u00e9gica y sesiones de lluvia de ideas. Los profesionales pueden aplicar estos aprendizajes al participar activamente en la planificaci\u00f3n de proyectos en su lugar de trabajo, considerando tanto los objetivos a corto plazo como las implicaciones a largo plazo y el impacto m\u00e1s amplio de sus acciones. Adem\u00e1s, pueden adoptar herramientas como el an\u00e1lisis SWOT (fortalezas, debilidades, oportunidades, amenazas) para evaluar proyectos y decisiones.<\/p>\n\n\n\n<h3 class=\"wp-block-heading\">Desarrollo y Aplicaci\u00f3n de la Inteligencia Emocional<\/h3>\n\n\n\n<p>La inteligencia emocional es esencial para gestionar eficazmente tanto el estr\u00e9s personal como el del equipo. Ricci aconseja practicar la auto-reflexi\u00f3n regular y t\u00e9cnicas de manejo del estr\u00e9s como la meditaci\u00f3n o el yoga. Aplicar estos m\u00e9todos puede ayudar a los l\u00edderes a mantener la calma en situaciones de alta presi\u00f3n, permiti\u00e9ndoles tomar decisiones m\u00e1s meditadas y justas.<\/p>\n\n\n\n<h3 class=\"wp-block-heading\">Innovaci\u00f3n Continua<\/h3>\n\n\n\n<p>Adriana Ricci pone un fuerte \u00e9nfasis en la innovaci\u00f3n como un motor de crecimiento personal y profesional. Para aplicar este principio, los l\u00edderes pueden establecer programas internos de incubaci\u00f3n de ideas donde los empleados puedan proponer y desarrollar nuevas ideas. Esto fomenta la innovaci\u00f3n, empodera a los empleados y cultiva una cultura de creatividad y experimentaci\u00f3n.<\/p>\n\n\n\n<h3 class=\"wp-block-heading\">Aplicaci\u00f3n de la Filosof\u00eda &#8216;Lid\u00e9rate para Liderar&#8217;<\/h3>\n\n\n\n<p>Finalmente, aplicar la filosof\u00eda de &#8216;Lid\u00e9rate para Liderar&#8217; implica tomar un enfoque proactivo en el desarrollo de uno mismo y en la influencia sobre los dem\u00e1s. Los l\u00edderes pueden comenzar por realizar autoevaluaciones regulares para identificar \u00e1reas de mejora y trabajar en ellas sistem\u00e1ticamente. Adem\u00e1s, fomentar un ambiente donde el crecimiento personal sea valorado y recompensado puede ayudar a crear un efecto domin\u00f3 de liderazgo positivo y efectivo en toda la organizaci\u00f3n.<\/p>\n\n\n\n<p>Estas aplicaciones pr\u00e1cticas de las ense\u00f1anzas de Adriana Ricci ofrecen a individuos y equipos herramientas para mejorar y, al mismo tiempo, establecen las bases para un liderazgo duradero y efectivo. En la siguiente secci\u00f3n, exploraremos historias de \u00e9xito y testimonios que ejemplifican el impacto transformador de estos principios cuando se aplican diligentemente.<\/p>\n\n\n\n<h2 class=\"wp-block-heading\">Historias de \u00c9xito y Testimonios<\/h2>\n\n\n\n<p>Las ense\u00f1anzas de Adriana Ricci han impactado positivamente a numerosos profesionales y equipos, transformando sus carreras y enfoques de liderazgo. En esta secci\u00f3n, exploramos historias de \u00e9xito y testimonios de individuos que han aplicado con \u00e9xito los principios de \u00abLid\u00e9rate para Liderar\u00bb en sus entornos profesionales y personales, destacando el poder y la efectividad de estas estrategias.<\/p>\n\n\n\n<h3 class=\"wp-block-heading\">Historia de \u00c9xito 1: Transformaci\u00f3n de un Gerente de Proyectos<\/h3>\n\n\n\n<p>Carlos, un gerente de proyectos en una firma de tecnolog\u00eda, enfrentaba desaf\u00edos significativos en liderazgo y gesti\u00f3n de equipos. Tras asistir a una de las conferencias de Ricci, Carlos implement\u00f3 t\u00e9cnicas de comunicaci\u00f3n efectiva y desarrollo de la inteligencia emocional en su rutina diaria. Con el tiempo, not\u00f3 una mejora sustancial en la din\u00e1mica de su equipo y en la ejecuci\u00f3n de proyectos. \u00abLa aplicaci\u00f3n de las estrategias de Ricci transform\u00f3 completamente mi enfoque. Aprend\u00ed a escuchar activamente y a entender mejor las necesidades de mi equipo, lo que llev\u00f3 a una mejora en la moral y la productividad\u00bb, comenta Carlos.<\/p>\n\n\n\n<h3 class=\"wp-block-heading\">Historia de \u00c9xito 2: Emprendedora en el Sector de Bienestar<\/h3>\n\n\n\n<p>Sof\u00eda, fundadora de una startup de bienestar, luchaba por definir su visi\u00f3n y estrategia empresarial. Inspirada por los principios de pensamiento estrat\u00e9gico de Ricci, Sofia redefini\u00f3 los objetivos de su empresa y estableci\u00f3 un plan claro para su crecimiento. Su empresa ahora prospera, ofreciendo servicios innovadores que est\u00e1n bien alineados con las necesidades de sus clientes. Sofia atribuye su \u00e9xito a las ense\u00f1anzas de Ricci: \u00abEl taller sobre pensamiento estrat\u00e9gico me ayud\u00f3 a ver m\u00e1s all\u00e1 del d\u00eda a d\u00eda y a planificar a largo plazo, asegurando la sostenibilidad y la innovaci\u00f3n continua en mi negocio\u00bb.<\/p>\n\n\n\n<h3 class=\"wp-block-heading\">Historia de \u00c9xito 3: Director de Recursos Humanos<\/h3>\n\n\n\n<p>Daniel, director de RR.HH. en una multinacional, implement\u00f3 programas de desarrollo personal y liderazgo basados en los consejos de Ricci. Estos programas han mejorado notablemente la cultura de liderazgo en la empresa, resultando en una disminuci\u00f3n en la rotaci\u00f3n de personal y un aumento en la satisfacci\u00f3n laboral. \u00abLos programas inspirados por las t\u00e9cnicas de Ricci han enriquecido nuestro ambiente laboral y potenciado a nuestros l\u00edderes emergentes\u00bb, explica Daniel.<\/p>\n\n\n\n<h3 class=\"wp-block-heading\">Testimonios<\/h3>\n\n\n\n<p>&#8211; Testimonio de Ana, l\u00edder de equipo de marketing: \u00abEl enfoque de Ricci sobre el autoempoderamiento y la autenticidad me ayud\u00f3 a superar mis inseguridades como l\u00edder. Aprend\u00ed a liderar con confianza y a fomentar un esp\u00edritu de colaboraci\u00f3n y respeto en mi equipo.\u00bb<\/p>\n\n\n\n<p>&#8211; Testimonio de Miguel, CEO de una ONG: \u00abIntegrar las estrategias de liderazgo innovador de Ricci ha sido fundamental para nuestra organizaci\u00f3n. Nos ha permitido ser m\u00e1s adaptativos y proactivos frente a los desaf\u00edos del sector sin fines de lucro.\u00bb<\/p>\n\n\n\n<p>Estas historias y testimonios reflejan el impacto significativo que las ense\u00f1anzas de Adriana Ricci pueden tener en una variedad de contextos y situaciones. Al aplicar los principios de \u00abLid\u00e9rate para Liderar\u00bb, estos l\u00edderes han mejorado sus propias habilidades y, a la vez, han creado ambientes m\u00e1s productivos, colaborativos y motivadores para sus equipos. En la pr\u00f3xima secci\u00f3n, compartiremos reflexiones finales y consejos de Ricci para aquellos que buscan seguir un camino similar hacia el liderazgo efectivo.<\/p>\n\n\n\n<h2 class=\"wp-block-heading\">Reflexiones y Consejos Finales<\/h2>\n\n\n\n<p>Al concluir nuestra exploraci\u00f3n de las ense\u00f1anzas de Adriana Ricci en \u00abLid\u00e9rate para Liderar\u00bb, es fundamental destacar algunos consejos clave y reflexiones finales que cualquier l\u00edder, emergente o establecido, puede aplicar para mejorar su enfoque y resultados en el liderazgo. Ricci comparte una serie de insights basados en su vasta experiencia, dise\u00f1ados para inspirar y guiar a los l\u00edderes en su desarrollo continuo.<\/p>\n\n\n\n<h3 class=\"wp-block-heading\">Mant\u00e9n el Compromiso con el Auto-desarrollo Continuo<\/h3>\n\n\n\n<p>El aprendizaje y el desarrollo personal nunca se completan. Ricci enfatiza la importancia de la curiosidad y el aprendizaje continuo como fundamentos del liderazgo efectivo. \u00abEl liderazgo es un viaje, no un destino\u00bb, afirma Ricci. Aconseja dedicar tiempo regularmente para la auto-reflexi\u00f3n y el aprendizaje, ya sea a trav\u00e9s de libros, seminarios, talleres o mediante la mentor\u00eda y el coaching. Este compromiso con el auto-desarrollo ayuda a los l\u00edderes a adaptarse a los cambiantes entornos de negocio y a las necesidades de su equipo.<\/p>\n\n\n\n<h3 class=\"wp-block-heading\">Practica la Empat\u00eda y la Comunicaci\u00f3n Abierta<\/h3>\n\n\n\n<p>La empat\u00eda mejora las relaciones interpersonales y es crucial para la resoluci\u00f3n efectiva de conflictos y la gesti\u00f3n de equipos. Ricci aconseja a los l\u00edderes practicar la escucha activa y fomentar un entorno donde los miembros del equipo se sientan seguros y valorados al compartir sus opiniones y preocupaciones. \u00abLa empat\u00eda y la comunicaci\u00f3n abierta son las columnas que sostienen la estructura de un equipo s\u00f3lido y cohesivo\u00bb, se\u00f1ala Ricci.<\/p>\n\n\n\n<h3 class=\"wp-block-heading\">S\u00e9 Adaptable y Abierto al Cambio<\/h3>\n\n\n\n<p>En un mundo empresarial que evoluciona r\u00e1pidamente, la capacidad para adaptarse es m\u00e1s crucial que nunca. Ricci recomienda a los l\u00edderes mantener una mentalidad flexible y estar preparados para pivotar o ajustar estrategias cuando sea necesario. \u00abEl cambio es constante y c\u00f3mo respondemos a \u00e9l define nuestro \u00e9xito\u00bb, explica. Adoptar una actitud proactiva hacia el cambio permite a los l\u00edderes aprovechar las oportunidades y mitigar los riesgos de manera efectiva.<\/p>\n\n\n\n<h3 class=\"wp-block-heading\">Lidera con Integridad y Autenticidad<\/h3>\n\n\n\n<p>La integridad y la autenticidad fomentan la confianza dentro de los equipos y establecen un modelo a seguir para todos los miembros de la organizaci\u00f3n. Ricci subraya la importancia de ser fiel a uno mismo y a sus principios. \u00abLos l\u00edderes que practican lo que predican y se mantienen fieles a sus valores inspiran lealtad y respeto\u00bb, afirma.<\/p>\n\n\n\n<h3 class=\"wp-block-heading\">El Impacto del Liderazgo en la Vida de las Personas<\/h3>\n\n\n\n<p>Ricci cierra con una reflexi\u00f3n sobre el impacto del liderazgo en los resultados empresariales y en la vida de las personas. El liderazgo influye profundamente en c\u00f3mo los individuos se perciben a s\u00ed mismos, en su crecimiento profesional y en c\u00f3mo ven su lugar en el mundo. \u00abComo l\u00edderes, tenemos la responsabilidad de impactar positivamente en nuestros resultados comerciales y en el bienestar y desarrollo de las personas que nos rodean\u00bb, concluye Ricci.<\/p>\n\n\n\n<p>Al implementar estos consejos y mantener estas reflexiones en mente, los l\u00edderes pueden esperar alcanzar el \u00e9xito profesional y, al mismo tiempo, crear un entorno enriquecedor que promueva el crecimiento y la satisfacci\u00f3n personal de todos los involucrados. Esta visi\u00f3n integral del liderazgo es lo que Ricci ha promovido a lo largo de su carrera, y lo que contin\u00faa compartiendo en sus charlas y seminarios en todo el mundo.<\/p>\n\n\n\n<h2 class=\"wp-block-heading\">Conclusi\u00f3n<\/h2>\n\n\n\n<p>A trav\u00e9s de las ense\u00f1anzas y experiencias compartidas por Adriana Ricci en su ponencia \u00abLid\u00e9rate para Liderar\u00bb, queda claro que el liderazgo efectivo va m\u00e1s all\u00e1 de la simple gesti\u00f3n de equipos o la consecuci\u00f3n de metas empresariales. Es un viaje profundo y continuo de autoconocimiento, autoempoderamiento y compromiso con el desarrollo personal y profesional, tanto propio como de aquellos a quienes lideramos.<\/p>\n\n\n\n<p>La filosof\u00eda de liderazgo de Ricci, centrada en empoderarse para poder empoderar a otros, resalta la importancia de cultivar habilidades clave como la comunicaci\u00f3n efectiva, el pensamiento estrat\u00e9gico, la inteligencia emocional y la innovaci\u00f3n constante. Estos pilares fortalecen las capacidades individuales de los l\u00edderes y, a la vez, fomentan entornos de trabajo donde la creatividad, la eficiencia y el respeto mutuo prosperan.<\/p>\n\n\n\n<p>Las historias de \u00e9xito y testimonios presentados demuestran c\u00f3mo la aplicaci\u00f3n pr\u00e1ctica de estos principios ha conducido a transformaciones significativas tanto en contextos profesionales como personales. Estos ejemplos sirven como inspiraci\u00f3n para cualquier persona que aspire a liderar con eficacia y autenticidad.<\/p>\n\n\n\n<p>Adoptar esta filosof\u00eda de liderazgo no es un acto solitario, sino una invitaci\u00f3n a ser parte de una comunidad m\u00e1s amplia que valora el crecimiento continuo, la adaptabilidad y la integridad. Al internalizar y practicar los consejos de Ricci, los l\u00edderes no solo estar\u00e1n mejor equipados para enfrentar los desaf\u00edos del mundo moderno, sino que tambi\u00e9n estar\u00e1n en posici\u00f3n de inspirar y catalizar el cambio positivo en otros.<\/p>\n\n\n\n<p>Por lo tanto, cada l\u00edder, sea emergente o establecido, puede beneficiarse enormemente al reflexionar sobre su propio viaje de liderazgo y considerar c\u00f3mo las ense\u00f1anzas de \u00abLid\u00e9rate para Liderar\u00bb pueden ser integradas en su desarrollo personal y profesional continuo. Este enfoque no solo favorece una carrera exitosa, sino que tambi\u00e9n enriquece la vida de quienes los rodean, dejando un legado de influencia positiva y cambio significativo.<\/p>\n\n\n\n<h2 class=\"wp-block-heading\">Llamado a la Acci\u00f3n<\/h2>\n\n\n\n<p>Al concluir esta inmersi\u00f3n en las ense\u00f1anzas de Adriana Ricci y su filosof\u00eda de \u00abLid\u00e9rate para Liderar\u00bb, te invitamos a tomar medidas concretas para aplicar estos principios transformadores en tu vida y carrera. Aqu\u00ed hay algunas acciones que puedes comenzar a implementar hoy para avanzar en tu viaje hacia un liderazgo m\u00e1s efectivo y empoderador:<\/p>\n\n\n\n<h3 class=\"wp-block-heading\">1. Reflexiona y Act\u00faa:<\/h3>\n\n\n\n<p>&nbsp;&nbsp;&nbsp;Dedica un momento para reflexionar sobre tu trayectoria de liderazgo. Identifica \u00e1reas de fortaleza y aspectos que necesitas desarrollar. Establece metas espec\u00edficas para mejorar estas \u00e1reas y busca recursos que te ayuden a alcanzarlas. Considera la creaci\u00f3n de un plan de desarrollo personalizado que incorpore nuevas habilidades de liderazgo y gesti\u00f3n.<\/p>\n\n\n\n<h3 class=\"wp-block-heading\">2. Inscr\u00edbete en Talleres y Seminarios:<\/h3>\n\n\n\n<p>Busca oportunidades para aprender directamente de expertos como Adriana Ricci. Participa en talleres, seminarios y conferencias sobre liderazgo y desarrollo personal. Estos eventos son una excelente manera de adquirir conocimientos y, al mismo tiempo, conectar con otros profesionales que comparten tus intereses y compromisos.<\/p>\n\n\n\n<h3 class=\"wp-block-heading\">3. Aplica los Conocimientos:<\/h3>\n\n\n\n<p>&nbsp;&nbsp;&nbsp;No dejes que lo que has aprendido se quede en teor\u00eda. Aplica los conocimientos y t\u00e9cnicas en tu entorno laboral o en tu proyecto personal. Experimenta con diferentes enfoques de liderazgo y observa qu\u00e9 funciona mejor para ti y tu equipo. La pr\u00e1ctica es fundamental para internalizar y perfeccionar tus habilidades de liderazgo.<\/p>\n\n\n\n<h3 class=\"wp-block-heading\">54\u00danete a la Comunidad MAU:<\/h3>\n\n\n\n<p>&nbsp;&nbsp;&nbsp;Considera formar parte de la comunidad de la Millennia Atlantic University, asistiendo regularmente a las <a href=\"https:\/\/www.maufl.edu\/es\/noticias-y-eventos\/blog-guacamayos\">Charlas MAU<\/a> para continuar tu educaci\u00f3n y red de contactos. Cada sesi\u00f3n ofrece una oportunidad \u00fanica para aprender de l\u00edderes experimentados y para discutir desaf\u00edos y soluciones con colegas.<\/p>\n\n\n\n<p>Al tomar estos pasos, te est\u00e1s comprometiendo con tu propio crecimiento como l\u00edder y tambi\u00e9n contribuyes al desarrollo y \u00e9xito de quienes te rodean. Recuerda, el liderazgo es un viaje que se enriquece con cada paso que das. Insp\u00edrate, motiva a otros y crea un impacto duradero en tu mundo.<\/p>\n\n\n\n<h2 class=\"wp-block-heading\">Transcript:<\/h2>\n\n\n\n<p>\u00abEntonces, el t\u00edtulo que se llama \u00abLiberate\u00bb. \u00bfPara liderar, eh? La verdad es que me cae muy bien. Con el pasar del tiempo he empezado a entender m\u00e1s. Dicen que la madurez llega con toda esta sabidur\u00eda y, adem\u00e1s, con toda esa mesura de aprendizaje y c\u00f3mo aterrizarlo. Me ha dado algo m\u00e1s, mucha m\u00e1s claridad realmente en la importancia de c\u00f3mo yo, lider\u00e1ndome a m\u00ed misma, puedo ser un mejor canal para todas las personas que me rodean y todas las que forman parte de mi vida y mi estrategia profesional.<\/p>\n\n\n\n<p>Vamos a empezar y hablar en este periodo de reflexi\u00f3n sobre ese proyecto de vida, esa invitaci\u00f3n que les estoy haciendo para que hagamos ese an\u00e1lisis desde un gran comienzo. Y yo termino con una historia. Hoy es mi propia historia porque me encanta compartir las vivencias personalizadas, me encanta poder hablar aqu\u00ed al frente y decirles: \u00abYo lo viv\u00ed, yo lo hice, me encant\u00f3 y de verdad fue una experiencia vivida, eh, que tiene un ingrediente importante y es que me hace sentir tranquila que lo que estoy comunicando realmente es algo ver\u00eddico y no es algo solamente que he le\u00eddo\u00bb, aunque la literatura y todo lo que hago tienen unas informaciones importantes.<\/p>\n\n\n\n<p>Pero cuando t\u00fa lo vives desde aqu\u00ed adentro, desde el coraz\u00f3n y desde las entra\u00f1as, tiene un valor intr\u00ednseco importante. Entonces ese proyecto de vida es. Y ese proceso empieza desde temprana edad, donde la verdad es que nosotros, eh, invitamos tambi\u00e9n a tener esa conciencia, a crear conciencia sobre ese construir, el construir con unas bases s\u00f3lidas desde abajo, desde que empezamos, eh, con conciencia a edificar.<\/p>\n\n\n\n<p>Y cuando hablamos de edificar, pues es levantar bases, porque tambi\u00e9n podemos hablar de edificar cuando estamos hablando de otra persona y estamos dici\u00e9ndole todas sus fortalezas y estamos empoderando a esa persona. Esa importancia de la siembra, esa importancia de que podamos nosotros estar, eh, eh, todos los d\u00edas regando, es un proceso y ese proceso de verdad es algo maravilloso, porque es un proceso personal de cada uno.<\/p>\n\n\n\n<p>Ning\u00fan proceso es igual al otro, todos los procesos son diferentes, eh. Todos los procesos tienen etapas de construcci\u00f3n, etapas de siembra, etapas de visitaci\u00f3n, etapas de cosechas, \u00bfno? Y esa cosecha es muy bonita cuando has vivido ese proceso desde el coraz\u00f3n, con la mejor intenci\u00f3n y el mejor prop\u00f3sito, eh. Ese proyecto de vida cuando lo tenemos que moldear y darle esa forma y de repente, como una escultura, empezar a hornearlo, porque a veces las cosas tienen su momento y lo vamos a ver un poquito m\u00e1s expl\u00edcito adelante, eh.<\/p>\n\n\n\n<p>Esos cambios que debemos implementar, esos h\u00e1bitos o esas rutinas, o esas estrategias o esas formas de poder hacer las cosas de una manera diferente y los grandes cambios que llegan con las grandes decisiones. Entonces eso hace un compendio importante de ese proyecto de vida que cuando hacemos un an\u00e1lisis pues nos hace sentir muy orgullosos del caminar, eh. Todo el aprendizaje y la experiencia, eh, que hemos pasado ah\u00ed en los marcadores, que tambi\u00e9n hacemos importancia, no le damos ninguna importancia y es para que tengamos a\u00fan m\u00e1s claridad y antes de empezar en la historia, porque realmente la invitaci\u00f3n es a una historia el d\u00eda de hoy y esos marcadores nos marcan perfectamente durante todo el caminar, \u00bfque son los principios, no? Esos principios que vienen desde la familia, desde que nacemos, los valores, el estudio, todo el aprendizaje, todo el caminar eh del jard\u00edn, del colegio, de la universidad y de todo lo dem\u00e1s que hemos podido hacer en nuestro caminar, de los deportes que marcan una parte importante en los muchachos hoy en d\u00eda.<\/p>\n\n\n\n<p>En nuestra \u00e9poca era diferente, pero hoy en d\u00eda la importancia del deporte es muy reconocida, y nosotros, los coaches, lo vemos con mucha admiraci\u00f3n. Estos j\u00f3venes deportistas tienen un nivel de compromiso diferente, \u00bfno? Porque son muchachos que persiguen metas con prop\u00f3sitos bien definidos. En mi historia, hay unos ojos muy bonitos que tambi\u00e9n han marcado cosas maravillosas, los h\u00e1bitos que implementamos y c\u00f3mo vamos d\u00e1ndole forma y cambiando el entorno y el c\u00edrculo social influyen positivamente en todas las personas.<\/p>\n\n\n\n<p>Entonces, esos marcadores en el tema del proyecto de vida comienzan a integrarse en esa gran bolsa del desarrollo de la vida, en ese gran mundo del desarrollo y el proyecto de vida, y van marcando algo importante. Cuando hacemos el an\u00e1lisis, empezamos a hacer como un checklist y vemos c\u00f3mo todos esos marcadores influyeron positivamente en nuestro desarrollo de vida. Al hablar de \u00abLib\u00e9rate para liderar\u00bb, vamos a ver las caracter\u00edsticas y fortalezas de un l\u00edder efectivo.<\/p>\n\n\n\n<p>\u00bfY qu\u00e9 debe tener un l\u00edder efectivo? Visi\u00f3n, \u00bfno? \u00bfUna visi\u00f3n hacia d\u00f3nde va? \u00bfHacia el norte? \u00bfC\u00f3mo se dirige? \u00bfA d\u00f3nde quiere llegar? Empat\u00eda con la gente. \u00bfC\u00f3mo puedo yo relacionarme? \u00bfC\u00f3mo puedo tener de verdad esa cercan\u00eda con todas las personas que me rodean, esa integridad que&#8230;? Tenemos experiencias muy bonitas en todos los desarrollos que hacemos en los Andes, sobre todo a nivel empresarial, con el tema de la integridad, \u00bfno?<\/p>\n\n\n\n<p>Porque la integridad la definimos muy b\u00e1sicamente como eso que t\u00fa haces, as\u00ed est\u00e9s solo o acompa\u00f1ado, igual lo vas a seguir haciendo. Esa integridad marca mucho dentro de un l\u00edder efectivo, porque la gente te va a seguir por eso, porque cree en ti, porque ve que lo que est\u00e1s haciendo es siempre coherente y congruente, es adaptable a las diferentes formas de vida y procesos, \u00bfno?<\/p>\n\n\n\n<p>Porque la vida da muchas vueltas, porque las situaciones cambian, porque la gente tiene mentalidades diferentes, porque las situaciones se presentan de forma inesperada y c\u00f3mo tengo esa capacidad de adaptarme a todas estas situaciones, esa capacidad de inspirar para que t\u00fa me escuches y digas: \u00abMe encanta, quiero hacer eso, lo voy a seguir\u00bb, o simplemente voy a hacer una reflexi\u00f3n sobre esa parte m\u00eda, porque esa persona me inspir\u00f3 a trav\u00e9s de su historia, a trav\u00e9s de sus conceptos, a trav\u00e9s de su vivencia, a trav\u00e9s de lo que sea.<\/p>\n\n\n\n<p>Pero me inspir\u00f3 esa efectividad en la toma de decisiones. Es muy importante en un ser humano tener esa capacidad de tomar una decisi\u00f3n, porque tomar decisiones no es tan sencillo. Tomar decisiones tiene todo un montaje detr\u00e1s que se desacomoda, independientemente de que la decisi\u00f3n sea peque\u00f1a o grande. Pero las decisiones y los cambios siempre traen cosas maravillosas, \u00bfeh?<\/p>\n\n\n\n<p>La capacidad de influir positivamente es crucial. \u00bfC\u00f3mo puedo influir positivamente sobre todas las personas que tengo al frente? \u00bfC\u00f3mo puedo llegar a un equipo, a un grupo, y de verdad influir a trav\u00e9s de mis conceptos, mis vivencias, mi conocimiento y mi aprendizaje? Y \u00bfc\u00f3mo, a trav\u00e9s de eso, puedo fomentar el crecimiento y el desarrollo personal de los equipos?<\/p>\n\n\n\n<p>Llevo 30 a\u00f1os trabajando con equipos en redes de mercadeo y he ocupado roles tanto corporativos como en la integraci\u00f3n de las redes. Hemos vivido eso de una manera impresionante, porque la red de mercadeo tiene una constante afluencia de gente que entra, algunos se quedan y otros se van. Pero tenemos todo esto muy claro porque lo vivimos a diario.<\/p>\n\n\n\n<p>\u00bfY me falt\u00f3 el \u00faltimo punto, y ah, bueno, el desarrollo de equipos? Cuando desarrollamos equipos, tratamos con seres \u00fanicos e irrepetibles; todos son diferentes y cada uno de ellos nos aporta algo. Esa es la parte del l\u00edder efectivo. Hay tres puntos importantes para liderar: la inspiraci\u00f3n.<\/p>\n\n\n\n<p>\u00bfC\u00f3mo logro impactar e inspirar en el equipo? \u00bfC\u00f3mo logro motivar al equipo y c\u00f3mo logro guiarlo? As\u00ed es como lo emociono, lo gu\u00edo, lo inspiro y vamos para adelante. La vida est\u00e1 llena de atajos y desv\u00edos. \u00bfVamos por esa carretera de la vida a toda velocidad, no? Claro, vamos embalados y de repente, un desv\u00edo.<\/p>\n\n\n\n<p>O peor, un derrumbe como en Colombia, donde a veces se tardan dos o tres d\u00edas en despejarlo, y uno en la carrera desenfrenada de la vida porque tiene que lograrlo, porque se tiene que montar en el avi\u00f3n, porque tiene que hacerlo. Y resulta que tienes un barco. Claro, exacto. O cuando vas a una cita y est\u00e1s justo a tiempo y el puente que se va a levantar, como pasa aqu\u00ed, o cuando el tren va a pasar y todas esas cosas, desv\u00edos de pare, de no estacione aqu\u00ed, de no haga esto.<\/p>\n\n\n\n<p>Esa es la vida. Y a veces estos desv\u00edos duran a\u00f1os y a veces esos sem\u00e1foros en rojo no son ni rojo ni verde, son amarillos titilantes. \u00bfY para d\u00f3nde voy? \u00bfEst\u00e1 pasando? \u00bfEs por aqu\u00ed o es por all\u00e1? Qu\u00e9 cantidad de dificultades, de pares, de s\u00e1lvese quien pueda, de desv\u00edos y de indecisiones han sido. Pero al final, cuando llegas all\u00e1 adelante, la carretera sigue porque ya nunca va a parar.<\/p>\n\n\n\n<p>Pero ahora me siento mucho m\u00e1s fortalecido, con m\u00e1s paciencia y mesura.<\/p>\n\n\n\n<p>\u00bfY detr\u00e1s de qu\u00e9 vamos? De metas. Pero las metas deben ser medibles, exactas y tangibles. Por ejemplo, puedo decir que quiero comprar una casa de cuatro habitaciones con piscina y \u00e1rboles frutales, pero \u00bfd\u00f3nde, cu\u00e1ndo, c\u00f3mo? No basta con imaginarlo, ya que todos los d\u00edas nos imaginamos cosas maravillosas.<\/p>\n\n\n\n<p>Necesito tener metas medibles. Quiero ser coach, una wellness coach. \u00bfA qu\u00e9 me voy a dedicar? \u00bfAl manejo de las emociones, a la nutrici\u00f3n, o voy a ser una coach integral? \u00bfC\u00f3mo lo voy a hacer? \u00bfEn qu\u00e9 me voy a especializar? Y as\u00ed, empieza a funcionar esa meta.<\/p>\n\n\n\n<p>Pero tiene que ser medible, \u00bfno? Porque quiero ser una wellness coach especializada en lo f\u00edsico, lo espiritual, lo emocional y lo deportivo, pero eso no puede ser de un d\u00eda para otro; puede tomar meses o a\u00f1os. Entonces, esa meta debe ser medible y precisa. Quiero ser coach, pero \u00bfde qu\u00e9?<\/p>\n\n\n\n<p>De vida. \u00bfUna wellness coach o qu\u00e9 m\u00e1s? Debe ser tangible, porque quiero ser coach, pero estar certificada. Tengo herramientas, entonces. Adem\u00e1s, tiene que ser accesible. Quiero especializarme en coaching en Harvard. Puedo ir, puedo hacerlo. Tengo los recursos. \u00bfVes? As\u00ed que voy a empezar. Comenzar\u00e9 en la universidad, estar\u00e9 m\u00e1s cerca y escalar\u00e9 gradualmente, trazando un proyecto.<\/p>\n\n\n\n<p>Las metas son parte de ese liderar, de liderarnos a nosotros mismos. Ahora les contar\u00e9 un poco sobre la historia de esta coach que empez\u00f3 su carrera desenfrenada muy joven. A cada uno le tocan cosas diferentes. Me cas\u00e9 a los 20 a\u00f1os y a los 23 ten\u00eda dos hijos. Era administradora de empresas, pero no trabajaba fuera, cuidaba a los ni\u00f1os, siempre con un liderazgo presente, siempre manejando muchas cosas.<\/p>\n\n\n\n<p>Fui presidente del comit\u00e9 de golf del club para que los ni\u00f1os pudieran jugar, y all\u00ed comenc\u00e9 a fortalecerme y a entender la importancia del manejo de grupos. Cuando estaba en el golf, ten\u00eda que manejar los equipos de los ni\u00f1os y luego me toc\u00f3 liderar algunos de los torneos importantes del club. Empec\u00e9 a darme cuenta de todas esas fortalezas, de esa historia bonita.<\/p>\n\n\n\n<p>Pero claro, en una carrera desenfrenada de la vida tremenda. Porque cuando uno es joven se lo merece todo. Cuando uno es joven lo quiere todo. Cuando uno es joven no da espacio para hacer las cosas paso a paso, sino que lo quiere todo, ya. Surgi\u00f3 un tema de salud importante que requer\u00eda hacer una pausa total en muchas de mis actividades y facetas de mi vida y ah\u00ed empezaron a quedar cosas pendientes, porque no pod\u00eda, por los ni\u00f1os, porque estaba casada, porque, porque, porque, y as\u00ed se van quedando.<\/p>\n\n\n\n<p>Pero ellos siempre est\u00e1n aqu\u00ed, en el subconsciente, y de repente, con la madurez, te vas dando cuenta; llegan el estudio, las certificaciones, el trabajo en las redes de mercado donde conoces a montones de gente todos los d\u00edas, donde ves historias que son el reflejo de tu propia vida y donde un d\u00eda est\u00e1s bien y al otro, no.<\/p>\n\n\n\n<p>De repente te das cuenta de que la vida va pasando, que los a\u00f1os van llegando, que los hijos van creciendo, que los problemas van cambiando y que tienes que tomar decisiones, pero qu\u00e9 miedo, qu\u00e9 susto. Pero, \u00bfy la zona de confort? \u00bfC\u00f3mo lo voy a hacer? \u00bfY los pendientes? Ah\u00ed est\u00e1n, haciendo mella, porque ellos hacen mella.<\/p>\n\n\n\n<p>Si t\u00fa no vas tras ellos, no te lo van a permitir. Uno viene a este mundo a cumplir una misi\u00f3n y esa misi\u00f3n la cumples antes de irte de este mundo. Eso est\u00e1 documentado y est\u00e1 escrito, especialmente si uno lo tiene claro y codificado. Bueno, pero antes de eso, entonces llega. Siempre he trabajado bajo la premisa de crear conciencia.<\/p>\n\n\n\n<p>Entonces, si yo lo hago, si yo lo creo, si yo lo estoy ejecutando, pues yo lo voy a hacer. Y empieza toda esa parte a funcionar, a evolucionar y a cambiar. Empiezo a mirar la vida de una manera diferente, con equipos distintos, no desde el concepto de la empresa, de la corporaci\u00f3n, ni tampoco de los seminarios y todas esas cosas en las que siempre me mov\u00eda.<\/p>\n\n\n\n<p>Y he dicho, eso es finalmente lo que tenemos que seguir, lo que nos apasiona, \u00bfno? Les iba a contar que, en medio de todo ese desenvolvimiento, dos cosas ocurrieron. Tuve una madre que era supremamente h\u00e1bil con las manualidades y que siempre me dec\u00eda, \u00abcuando llegues a la vejez, tienes que tener algo que hagas con tus manos.\u00bb Yo pensaba que en el colegio ense\u00f1aban a coser y todo, pero no. Cuando hice mi \u00faltimo trabajo como ejecutiva, que era gerente de ventas a nivel nacional de una compa\u00f1\u00eda grande, el d\u00eda que sal\u00ed de ah\u00ed, dije, \u00abquiero aprender a hacer una manualidad que eran esas tablas de quesos refinadas\u00bb.<\/p>\n\n\n\n<p>\u00bfY a d\u00f3nde voy? Entonces llam\u00e9 a una se\u00f1ora mayor que sab\u00eda que hac\u00eda manualidades y ella me llev\u00f3 a un sitio donde aprend\u00ed a hacerlas y quiero contarles que eso se volvi\u00f3 importante en mi vida. Despu\u00e9s de vivir montada en un avi\u00f3n, viajando y asistiendo a conferencias, ya quer\u00eda hacer cosas diferentes y all\u00ed empez\u00f3 el gran cambio.<\/p>\n\n\n\n<p>Eso fue en el a\u00f1o 2012 y me volv\u00ed experta. Entonces, pens\u00e9 en hacer una combinaci\u00f3n de todo y segu\u00ed siendo, y sigo siendo, una coach en Bienestar Integral, dictando conferencias, ofreciendo charlas, realizando sesiones por Zoom, contactando con la gente. Realizo sesiones de coaching personalizadas, todo virtualmente, porque la pandemia hizo que todo se volviera virtual, \u00bfno?<\/p>\n\n\n\n<p>Al llegar a ese pa\u00eds, me certifiqu\u00e9 como Realtor, otra herramienta m\u00e1s. As\u00ed que tambi\u00e9n trabajo como Realtor para Terra. Soy l\u00edder plata en Terra y tengo tres herramientas que he adquirido. Llevo nueve a\u00f1os con ellos como integrante de las redes, porque eso fue lo que me promet\u00ed.<\/p>\n\n\n\n<p>Alg\u00fan d\u00eda voy a hacer una red de mercadeo, porque las redes de mercadeo dan dinero, pero la clave de todo esto es tener un prop\u00f3sito firme. Estoy en Estados Unidos, necesito herramientas, necesito poder hacer ese checklist. He cuidado ni\u00f1os, he conducido para Uber, lo cual ha sido m\u00e1gico. He hecho de todo y creo que puedo hacer muchas cosas m\u00e1s porque quiero demostrarle a la gente que s\u00ed se puede, pero quiero contarlo porque lo hice, no porque me lo imagino. Y s\u00ed, se puede ganar dinero y vivir muy bien haciendo cosas diferentes.<\/p>\n\n\n\n<p>Pero ves c\u00f3mo vas a hacer eso. Si eres bueno, eso es muy importante. Eso es lo que quiero hacer.<\/p>\n\n\n\n<p>Me apasiona, tengo talento y puedo hacerlo. Conozco gente absolutamente maravillosa. Esa es la clave. Es el prop\u00f3sito. Y ese prop\u00f3sito es muy claro para m\u00ed. El compromiso total. Cuando he conducido para Uber, me propuse trabajar seis horas diarias y puedes ganar 150 d\u00f3lares en seis horas, y sabes que lo disfrutas y ves gente diferente.<\/p>\n\n\n\n<p>Eres bueno. S\u00ed, pero eso es una forma de trabajo y la perseverancia es muy hermosa. Todos los d\u00edas hay un prop\u00f3sito, una l\u00ednea que seguir porque s\u00ed, si no lo haces con perseverancia, constancia, congruencia y compromiso, cada vez que paras tienes que volver a empezar y es muy dif\u00edcil mantener la constancia y la intenci\u00f3n.<\/p>\n","protected":false},"excerpt":{"rendered":"<p>La capacidad de liderar efectivamente a menudo comienza con uno mismo. En la reciente ponencia titulada \u00abLid\u00e9rate para Liderar\u00bb, ofrecida en las Charlas MAU de la Escuela de Negocios de Millennia Atlantic University en Doral, Adriana Ricci comparti\u00f3 sus extensas experiencias y estrategias que demuestran c\u00f3mo el autoempoderamiento es fundamental para inspirar y guiar a [&hellip;]<\/p>\n","protected":false},"author":1,"featured_media":1002985,"comment_status":"closed","ping_status":"closed","sticky":false,"template":"","format":"standard","meta":{"_et_pb_use_builder":"","_et_pb_old_content":"","_et_gb_content_width":"","footnotes":""},"categories":[200303],"tags":[],"class_list":["post-1002986","post","type-post","status-publish","format-standard","has-post-thumbnail","hentry","category-blog-macaws"],"_links":{"self":[{"href":"https:\/\/maufl.edu\/es\/wp-json\/wp\/v2\/posts\/1002986","targetHints":{"allow":["GET"]}}],"collection":[{"href":"https:\/\/maufl.edu\/es\/wp-json\/wp\/v2\/posts"}],"about":[{"href":"https:\/\/maufl.edu\/es\/wp-json\/wp\/v2\/types\/post"}],"author":[{"embeddable":true,"href":"https:\/\/maufl.edu\/es\/wp-json\/wp\/v2\/users\/1"}],"replies":[{"embeddable":true,"href":"https:\/\/maufl.edu\/es\/wp-json\/wp\/v2\/comments?post=1002986"}],"version-history":[{"count":3,"href":"https:\/\/maufl.edu\/es\/wp-json\/wp\/v2\/posts\/1002986\/revisions"}],"predecessor-version":[{"id":1006293,"href":"https:\/\/maufl.edu\/es\/wp-json\/wp\/v2\/posts\/1002986\/revisions\/1006293"}],"wp:featuredmedia":[{"embeddable":true,"href":"https:\/\/maufl.edu\/es\/wp-json\/wp\/v2\/media\/1002985"}],"wp:attachment":[{"href":"https:\/\/maufl.edu\/es\/wp-json\/wp\/v2\/media?parent=1002986"}],"wp:term":[{"taxonomy":"category","embeddable":true,"href":"https:\/\/maufl.edu\/es\/wp-json\/wp\/v2\/categories?post=1002986"},{"taxonomy":"post_tag","embeddable":true,"href":"https:\/\/maufl.edu\/es\/wp-json\/wp\/v2\/tags?post=1002986"}],"curies":[{"name":"wp","href":"https:\/\/api.w.org\/{rel}","templated":true}]}}